{"id":116185,"date":"2018-09-23T20:23:58","date_gmt":"2018-09-23T19:23:58","guid":{"rendered":"http:\/\/localhost\/?p=116185"},"modified":"2018-09-23T20:25:05","modified_gmt":"2018-09-23T19:25:05","slug":"%d0%bd%d0%b0%d1%88%d0%b5-%d0%b4%d0%be%d0%bf%d0%b8%d1%81%d0%bd%d0%b8%d1%88%d1%82%d0%b2%d0%be-%d1%81%d0%be-%d1%82%d1%83%d1%80%d1%81%d0%ba%d0%b0%d1%82%d0%b0-%d0%b0%d0%b3%d0%b5%d0%bd%d1%86%d0%b8%d1%98-3","status":"publish","type":"post","link":"https:\/\/www.dubai-portal.com.mk\/?p=116185","title":{"rendered":"\u041d\u0410\u0428\u0415 \u0414\u041e\u041f\u0418\u0421\u041d\u0418\u0428\u0422\u0412\u041e \u0421\u041e \u0422\u0423\u0420\u0421\u041a\u0410\u0422\u0410 \u0410\u0413\u0415\u041d\u0426\u0418\u0408\u0410 (IHA): Makedonya Cumhurba\u015fkan\u0131 \u0130vanov referandumu boykot edecek"},"content":{"rendered":"<header>\n<h3 class=\"summary\">Makedonya Cumhurba\u015fkan\u0131 Gjorge \u0130vanov, 30 Eyl\u00fcl &#8216;de \u00fclkenin ismiyle ilgili referandumu boykot edece\u011fini a\u00e7\u0131klayarak, Yunanistan ile yap\u0131lan anla\u015fma Makedonya\u2019n\u0131n devlet ve milli kimli\u011fini tehlikeye att\u0131\u011f\u0131na inand\u0131\u011f\u0131n\u0131 s\u00f6yledi.<\/h3>\n<\/header>\n<p>Birle\u015fmi\u015f Milletler Genel Kurulu&#8217;nun (BMGK) New York&#8217;taki 73&#8217;\u00fcnc\u00fc oturumu i\u00e7in ABD&#8217;ye gelen Makedonya Cumhurba\u015fkan\u0131 Gjorge \u0130vanov Birle\u015fmi\u015f Makedon Diasporas\u0131 Derne\u011fi taraf\u0131ndan d\u00fczenlenen ak\u015fam yeme\u011finde a\u00e7\u0131klamalarda bulundu. Cumhurba\u015fkan\u0131 \u0130vanov, 30 Eyl\u00fcl&#8217;de \u00fclkenin ismiyle ilgili referandumu boykot edece\u011fini ilan ederek, Yunanistan ile yap\u0131lan anla\u015fman\u0131n Makedonya&#8217;n\u0131n devlet ve milli kimli\u011fini tehlikeye att\u0131\u011f\u0131na inand\u0131\u011f\u0131n\u0131 s\u00f6yledi. \u0130vanov, \u201cBen Cumhurba\u015fkanl\u0131\u011f\u0131 g\u00f6revini \u00fcstlendi\u011fimde, Anayasa ve yasalara sayg\u0131l\u0131 olaca\u011f\u0131ma yemin ettim. Bu yeminin d\u0131\u015f\u0131na \u00e7\u0131kmayaca\u011f\u0131m. Bu nedenle, 30 Eyl\u00fcl&#8217;de sand\u0131klara gitmeyece\u011fim\u201d dedi.<\/p>\n<div id=\"vidout_global\">\n<div id=\"vidout_inread\" style=\"transition: height 0.5s ease-out 0s;\"><\/div>\n<\/div>\n<p>\u0130vanov, anayasan\u0131n ismini de\u011fi\u015ftirmek i\u00e7in Anayasa&#8217;da yap\u0131lan de\u011fi\u015fikliklere izin vermedi\u011fi i\u00e7in vatanda\u015flar\u0131n g\u00fcvenini iki kez kazand\u0131\u011f\u0131n\u0131 ifade ederek, \u201cMakedon ulusal kimli\u011fini, Makedon halk\u0131n\u0131n, Makedon dilinin ve Makedon birlikteli\u011fi modelinin \u00f6zelli\u011fini tehdit eden fikirleri ve \u00f6nerileri kabul etmiyorum\u201d diye konu\u015ftu.<br \/>\nBa\u015fbakan Zoran Zaev ve Yunanistan Ba\u015fbakan\u0131 Aleksis \u00c7ipras h\u00fck\u00fcmeti taraf\u0131ndan yap\u0131lan Makedonya ve Yunanistan&#8217;\u0131n anla\u015fmas\u0131 i\u00e7in \u0130vanov, \u201cSadece mevcut devletin ad\u0131n\u0131 de\u011fi\u015ftirmekle kalm\u0131yor, ayn\u0131 zamanda yeni, g\u00fcvenli\u011fi azalm\u0131\u015f, yeni bir i\u00e7 ve d\u0131\u015f yasas\u0131 olan bir devlet kuruyorlar\u201d de\u011ferlendirmesinde bulundu.<br \/>\nMakedonya Cumhurba\u015fkan\u0131, \u201cBunu akl\u0131mda tutarak karar\u0131m\u0131 verdim. Makedonya Cumhuriyeti vatanda\u015flar\u0131 30 Eyl\u00fcl&#8217;de do\u011fru ve ak\u0131ll\u0131ca bir karar verece\u011fine inan\u0131yorum\u201d dedi.<\/p>\n<p><a href=\"http:\/\/www.iha.com.tr\/haber-makedonya-cumhurbaskani-ivanov-referandumu-boykot-edecek-743222\/\"> \u0418\u0437\u0432\u043e\u0440:iha.com.tr \/ \u0130so Demi\u015foski &#8211; Nelifer Arslanoska<\/a><\/p>\n","protected":false},"excerpt":{"rendered":"<p>Makedonya Cumhurba\u015fkan\u0131 Gjorge \u0130vanov, 30 Eyl\u00fcl &#8216;de \u00fclkenin ismiyle ilgili referandumu boykot edece\u011fini a\u00e7\u0131klayarak, Yunanistan ile yap\u0131lan anla\u015fma Makedonya\u2019n\u0131n devlet ve milli kimli\u011fini tehlikeye att\u0131\u011f\u0131na inand\u0131\u011f\u0131n\u0131 s\u00f6yledi. Birle\u015fmi\u015f Milletler Genel Kurulu&#8217;nun (BMGK) New York&#8217;taki 73&#8217;\u00fcnc\u00fc oturumu i\u00e7in ABD&#8217;ye gelen Makedonya Cumhurba\u015fkan\u0131 Gjorge \u0130vanov Birle\u015fmi\u015f Makedon Diasporas\u0131 Derne\u011fi taraf\u0131ndan d\u00fczenlenen ak\u015fam yeme\u011finde a\u00e7\u0131klamalarda bulundu. Cumhurba\u015fkan\u0131 \u0130vanov, [&hellip;]<\/p>\n","protected":false},"author":1,"featured_media":116186,"comment_status":"closed","ping_status":"closed","sticky":false,"template":"","format":"standard","meta":{"footnotes":""},"categories":[1347],"tags":[],"class_list":["post-116185","post","type-post","status-publish","format-standard","has-post-thumbnail","hentry","category-iha-news-agency"],"aioseo_notices":[],"_links":{"self":[{"href":"https:\/\/www.dubai-portal.com.mk\/index.php?rest_route=\/wp\/v2\/posts\/116185"}],"collection":[{"href":"https:\/\/www.dubai-portal.com.mk\/index.php?rest_route=\/wp\/v2\/posts"}],"about":[{"href":"https:\/\/www.dubai-portal.com.mk\/index.php?rest_route=\/wp\/v2\/types\/post"}],"author":[{"embeddable":true,"href":"https:\/\/www.dubai-portal.com.mk\/index.php?rest_route=\/wp\/v2\/users\/1"}],"replies":[{"embeddable":true,"href":"https:\/\/www.dubai-portal.com.mk\/index.php?rest_route=%2Fwp%2Fv2%2Fcomments&post=116185"}],"version-history":[{"count":0,"href":"https:\/\/www.dubai-portal.com.mk\/index.php?rest_route=\/wp\/v2\/posts\/116185\/revisions"}],"wp:featuredmedia":[{"embeddable":true,"href":"https:\/\/www.dubai-portal.com.mk\/index.php?rest_route=\/wp\/v2\/media\/116186"}],"wp:attachment":[{"href":"https:\/\/www.dubai-portal.com.mk\/index.php?rest_route=%2Fwp%2Fv2%2Fmedia&parent=116185"}],"wp:term":[{"taxonomy":"category","embeddable":true,"href":"https:\/\/www.dubai-portal.com.mk\/index.php?rest_route=%2Fwp%2Fv2%2Fcategories&post=116185"},{"taxonomy":"post_tag","embeddable":true,"href":"https:\/\/www.dubai-portal.com.mk\/index.php?rest_route=%2Fwp%2Fv2%2Ftags&post=116185"}],"curies":[{"name":"wp","href":"https:\/\/api.w.org\/{rel}","templated":true}]}}